{"id":16775,"date":"2025-04-29T13:42:30","date_gmt":"2025-04-29T11:42:30","guid":{"rendered":"https:\/\/www.millefolia.ch\/deux-tiers-de-la-population-ont-recours-a-la-medecine-empirique\/"},"modified":"2025-11-18T17:40:16","modified_gmt":"2025-11-18T16:40:16","slug":"deux-tiers-utilisent-medecine-empirique","status":"publish","type":"post","link":"https:\/\/www.millefolia.ch\/fr\/deux-tiers-utilisent-medecine-empirique\/","title":{"rendered":"Deux tiers de la population ont recours \u00e0 la m\u00e9decine empirique<br>"},"content":{"rendered":"<p><strong>La population suisse a confiance dans la m\u00e9decine compl\u00e9mentaire et alternative : deux tiers d\u2019entre elle y ont d\u00e9j\u00e0 eu recours et 87% indiquent que le traitement a \u00e9t\u00e9 un succ\u00e8s. Un r\u00e9sultat apport\u00e9 par la nouvelle enqu\u00eate repr\u00e9sentative \u00ab Barom\u00e8tre CAM 2024 \u00bb. <\/strong><\/p>\n<p><em>Registre M\u00e9dical Empirique RME \/ millefolia.ch<\/em><\/p>\n<div id=\"ez-toc-container\" class=\"ez-toc-v2_0_82_2 counter-hierarchy ez-toc-counter ez-toc-grey ez-toc-container-direction\">\n<div class=\"ez-toc-title-container\">\n<p class=\"ez-toc-title\" style=\"cursor:inherit\">Table des mati\u00e8res<\/p>\n<span class=\"ez-toc-title-toggle\"><a href=\"#\" class=\"ez-toc-pull-right ez-toc-btn ez-toc-btn-xs ez-toc-btn-default ez-toc-toggle\" aria-label=\"Toggle Table of Content\"><span class=\"ez-toc-js-icon-con\"><span class=\"\"><span class=\"eztoc-hide\" style=\"display:none;\">Toggle<\/span><span class=\"ez-toc-icon-toggle-span\"><svg style=\"fill: #999;color:#999\" xmlns=\"http:\/\/www.w3.org\/2000\/svg\" class=\"list-377408\" width=\"20px\" height=\"20px\" viewBox=\"0 0 24 24\" fill=\"none\"><path d=\"M6 6H4v2h2V6zm14 0H8v2h12V6zM4 11h2v2H4v-2zm16 0H8v2h12v-2zM4 16h2v2H4v-2zm16 0H8v2h12v-2z\" fill=\"currentColor\"><\/path><\/svg><svg style=\"fill: #999;color:#999\" class=\"arrow-unsorted-368013\" xmlns=\"http:\/\/www.w3.org\/2000\/svg\" width=\"10px\" height=\"10px\" viewBox=\"0 0 24 24\" version=\"1.2\" baseProfile=\"tiny\"><path d=\"M18.2 9.3l-6.2-6.3-6.2 6.3c-.2.2-.3.4-.3.7s.1.5.3.7c.2.2.4.3.7.3h11c.3 0 .5-.1.7-.3.2-.2.3-.5.3-.7s-.1-.5-.3-.7zM5.8 14.7l6.2 6.3 6.2-6.3c.2-.2.3-.5.3-.7s-.1-.5-.3-.7c-.2-.2-.4-.3-.7-.3h-11c-.3 0-.5.1-.7.3-.2.2-.3.5-.3.7s.1.5.3.7z\"\/><\/svg><\/span><\/span><\/span><\/a><\/span><\/div>\n<nav><ul class='ez-toc-list ez-toc-list-level-1 eztoc-toggle-hide-by-default' ><li class='ez-toc-page-1 ez-toc-heading-level-2'><a class=\"ez-toc-link ez-toc-heading-1\" href=\"https:\/\/www.millefolia.ch\/fr\/deux-tiers-utilisent-medecine-empirique\/#Grande_confiance_dans_la_medecine_empirique\" >Grande confiance dans la m\u00e9decine empirique<\/a><\/li><li class='ez-toc-page-1 ez-toc-heading-level-2'><a class=\"ez-toc-link ez-toc-heading-2\" href=\"https:\/\/www.millefolia.ch\/fr\/deux-tiers-utilisent-medecine-empirique\/#Les_principaux_resultats_du_Barometre_CAM_2024\" >Les principaux r\u00e9sultats du Barom\u00e8tre CAM 2024<\/a><\/li><li class='ez-toc-page-1 ez-toc-heading-level-2'><a class=\"ez-toc-link ez-toc-heading-3\" href=\"https:\/\/www.millefolia.ch\/fr\/deux-tiers-utilisent-medecine-empirique\/#Le_Barometre_CAM_2024\" >Le Barom\u00e8tre CAM 2024<\/a><\/li><li class='ez-toc-page-1 ez-toc-heading-level-2'><a class=\"ez-toc-link ez-toc-heading-4\" href=\"https:\/\/www.millefolia.ch\/fr\/deux-tiers-utilisent-medecine-empirique\/#87_sont_satisfaits_du_traitement\" >87 % sont satisfaits du traitement<\/a><\/li><li class='ez-toc-page-1 ez-toc-heading-level-2'><a class=\"ez-toc-link ez-toc-heading-5\" href=\"https:\/\/www.millefolia.ch\/fr\/deux-tiers-utilisent-medecine-empirique\/#Lutilisation_la_plus_frequente_de_la_CAM_chez_les_35_a_54_ans\" >L\u2019utilisation la plus fr\u00e9quente de la CAM chez les 35 \u00e0 54 ans<\/a><\/li><li class='ez-toc-page-1 ez-toc-heading-level-2'><a class=\"ez-toc-link ez-toc-heading-6\" href=\"https:\/\/www.millefolia.ch\/fr\/deux-tiers-utilisent-medecine-empirique\/#La_medecine_empirique_est_etablie_en_Suisse\" >La m\u00e9decine empirique est \u00e9tablie en Suisse<\/a><\/li><li class='ez-toc-page-1 ez-toc-heading-level-2'><a class=\"ez-toc-link ez-toc-heading-7\" href=\"https:\/\/www.millefolia.ch\/fr\/deux-tiers-utilisent-medecine-empirique\/#Qui_se_cache_derriere_le_Barometre_CAM\" >Qui se cache derri\u00e8re le Barom\u00e8tre CAM ?<\/a><\/li><li class='ez-toc-page-1 ez-toc-heading-level-2'><a class=\"ez-toc-link ez-toc-heading-8\" href=\"https:\/\/www.millefolia.ch\/fr\/deux-tiers-utilisent-medecine-empirique\/#Faites-vous_aussi_partie_des_66_de_la_population_qui_ont_recours_a_la_medecine_complementaire_et_alternative\" >Faites-vous aussi partie des 66 % de la population qui ont recours \u00e0 la m\u00e9decine compl\u00e9mentaire et alternative ?<\/a><\/li><\/ul><\/nav><\/div>\n<h2><span class=\"ez-toc-section\" id=\"Grande_confiance_dans_la_medecine_empirique\"><\/span><strong>Grande confiance dans la m\u00e9decine empirique<\/strong><span class=\"ez-toc-section-end\"><\/span><\/h2>\n<p>Deux tiers de la population suisse ont d\u00e9j\u00e0 eu recours \u00e0 la m\u00e9decine empirique. L&rsquo;\u00e9tude actuelle \u00ab\u00a0Barom\u00e8tre CAM 2024\u00a0\u00bb d\u00e9signe par m\u00e9decine empirique les m\u00e9thodes et les m\u00e9dicaments de la m\u00e9decine compl\u00e9mentaire et alternative (MCA). L&rsquo;enqu\u00eate repr\u00e9sentative, r\u00e9alis\u00e9e par le <strong><a href=\"https:\/\/www.rme.ch\/\" target=\"_blank\" rel=\"noopener\"><em>Registre de M\u00e9decine Empirique RME<\/em><\/a><\/strong> mandat\u00e9 par l&rsquo;OFSP, montre une forte confiance de la population suisse dans la m\u00e9decine empirique, qui s&rsquo;est encore ancr\u00e9e dans le syst\u00e8me de sant\u00e9 suisse depuis la derni\u00e8re enqu\u00eate de 2021.  <\/p>\n<h2><\/h2>\n<h2><strong><img decoding=\"async\" class=\"alignnone wp-image-16673\" src=\"https:\/\/www.millefolia.ch\/wp-content\/uploads\/2025\/04\/graphique-utilisation-population-suisse-barometre-cam-2024.avif\" alt=\"\" width=\"500\" height=\"585\"><\/strong><\/h2>\n<h2><span class=\"ez-toc-section\" id=\"Les_principaux_resultats_du_Barometre_CAM_2024\"><\/span><strong>Les principaux r\u00e9sultats du Barom\u00e8tre CAM 2024<\/strong><span class=\"ez-toc-section-end\"><\/span><\/h2>\n<ul>\n<li>Deux tiers de la population suisse ont d\u00e9j\u00e0 eu recours \u00e0 la CAM ; la moiti\u00e9 de ceux-ci durant les trois derni\u00e8res ann\u00e9es (avant l\u2019enqu\u00eate).<\/li>\n<li>La plupart des personnes interrog\u00e9es ont une bonne opinion de la CAM<\/li>\n<li>Le taux de satisfaction quant \u00e0 l\u2019efficacit\u00e9 des traitements est \u00e9lev\u00e9. Plus de la moiti\u00e9 des traitements sont jug\u00e9s efficaces \u00e0 tr\u00e8s efficaces, et pr\u00e8s d\u2019un tiers sont estim\u00e9s suffisamment efficaces. <\/li>\n<li>Deux tiers des traitements de CAM sont effectu\u00e9s par des th\u00e9rapeutes, un cinqui\u00e8me par des m\u00e9decins, <em>le reste par<\/em><em><strong><a href=\"https:\/\/www.millefolia.ch\/drogerien-und-apotheken-wissen-rat\/\" target=\"_blank\" rel=\"noopener\">autom\u00e9dication<\/a><\/strong><\/em>.<\/li>\n<\/ul>\n<div class=\"textbox\"><h2><span class=\"ez-toc-section\" id=\"Le_Barometre_CAM_2024\"><\/span><strong>Le Barom\u00e8tre CAM 2024<\/strong><span class=\"ez-toc-section-end\"><\/span><\/h2>\n<ul>\n<li><strong><a href=\"https:\/\/emr.ch\/dl\/misc\/rme_barometre_cam_2024.pdf<br data-mce-bogus=\"1\">\u00a0\u00bb target=\u00a0\u00bb_blank\u00a0\u00bb rel=\u00a0\u00bbnoopener\u00a0\u00bb><em>Les principaux r\u00e9sultats du Barom\u00e8tre CAM 2024 en un coup d\u2019\u0153il<\/em><\/a><\/strong><\/li>\n<li><strong><a href=\"https:\/\/emr.ch\/dl\/misc\/rme_barometre_cam_2024.pdf\" target=\"_blank\" rel=\"noopener\"><em>Le rapport complet \u00e0 t\u00e9l\u00e9charger<\/em><\/a><\/strong><\/li>\n<\/ul>\n<p>Les conclusions du Barom\u00e8tre CAM 2024 s&rsquo;appuient sur une enqu\u00eate par panel en ligne, repr\u00e9sentative de la population, r\u00e9alis\u00e9e en juin et juillet 2024 aupr\u00e8s de 6262 personnes \u00e2g\u00e9es de 16 ans et plus. Ces donn\u00e9es sont compl\u00e9t\u00e9es par le premier Barom\u00e8tre CAM r\u00e9alis\u00e9 en juin et juillet 2021 aupr\u00e8s de 6375 personnes \u00e2g\u00e9es de 16 ans et plus. <\/p>\n<\/div>\n<h2><span class=\"ez-toc-section\" id=\"87_sont_satisfaits_du_traitement\"><\/span><strong>87 % sont satisfaits du traitement<\/strong><span class=\"ez-toc-section-end\"><\/span><\/h2>\n<p>Les personnes interrog\u00e9es ont fait traiter 95 troubles diff\u00e9rents par une m\u00e9thode de la CAM. En t\u00eate de liste figurent les<em><strong><a href=\"https:\/\/www.millefolia.ch\/das-kreuz-mit-dem-ruecken\/\" target=\"_blank\" rel=\"noopener\">douleurs au niveau de la nuque et du dos<\/a><\/strong>,<\/em>les douleurs ou crampes musculaires g\u00e9n\u00e9rales, les douleurs articulaires g\u00e9n\u00e9rales et les <em><strong><a href=\"https:\/\/www.millefolia.ch\/schmerzende-gelenke-das-hilft\/\" target=\"_blank\" rel=\"noopener\">articulaires g\u00e9n\u00e9rales<\/a><\/strong><\/em> et les <em><strong><a href=\"https:\/\/www.millefolia.ch\/heuschnupfen-praevention-vor-pollensaison\/\" target=\"_blank\" rel=\"noopener\">allergies<\/a><\/strong><\/em>. La satisfaction relative aux traitements est \u00e9lev\u00e9e : 87% des personnes interrog\u00e9es estiment que leur traitement CAM est satisfaisant \u00e0 tr\u00e8s efficace.  <\/p>\n<p>Que ce soit en termes d\u2019am\u00e9lioration g\u00e9n\u00e9rale de l\u2019\u00e9tat de sant\u00e9 (35 %), de plus grand soin apport\u00e9 \u00e0 sa propre sant\u00e9 (34 %), d\u2019attention plus marqu\u00e9e \u00e0 l\u2019\u00e9quilibre et \u00e0 la d\u00e9tente (34 %), de meilleure gestion des douleurs (27 %), d\u2019augmentation de l\u2019exercice physique (26 %) ou d\u2019une alimentation plus saine (21 % \u2013 plusieurs r\u00e9ponses possibles). <br data-mce-bogus=\"1\"> <\/p>\n<h2><strong><img decoding=\"async\" class=\"alignnone wp-image-16671 size-full\" src=\"https:\/\/www.millefolia.ch\/wp-content\/uploads\/2025\/04\/autres-effets-positifs-des-medecines-complementaires-barometre-cam-2024.avif\" alt=\"Graphique dans les tons bleus et verts sur le th\u00e8me des effets positifs ind\u00e9pendamment de l'objectif du traitement\" width=\"800\" height=\"356\"><\/strong><\/h2>\n<h2><span class=\"ez-toc-section\" id=\"Lutilisation_la_plus_frequente_de_la_CAM_chez_les_35_a_54_ans\"><\/span><strong>L\u2019utilisation la plus fr\u00e9quente de la CAM chez les 35 \u00e0 54 ans<\/strong><span class=\"ez-toc-section-end\"><\/span><\/h2>\n<p>Pr\u00e8s de la moiti\u00e9 des personnes interrog\u00e9es, selon l\u2019enqu\u00eate, est en cours de traitement de m\u00e9decine compl\u00e9mentaire et alternative ou a eu recours \u00e0 une de ses m\u00e9thodes durant les trois ann\u00e9es pr\u00e9c\u00e9dentes. 19 % suppl\u00e9mentaires ont d\u00e9j\u00e0 suivi un traitement CAM, plus de trois ans auparavant cependant. Au total, deux tiers des personnes interrog\u00e9es ont donc d\u00e9j\u00e0 recouru \u00e0 la m\u00e9decine compl\u00e9mentaire et alternative. La proportion de personnes interrog\u00e9es ayant une exp\u00e9rience de la CAM est la plus \u00e9lev\u00e9e chez les personnes \u00e2g\u00e9es de 35 \u00e0 54 ans (71 %) et la plus faible chez les plus de 55 ans (59 %).   <\/p>\n<p>Ce sont principalement les th\u00e9rapeutes qui dispensent les traitements, soit 64 %, 20 % sont effectu\u00e9s par des m\u00e9decins et le reste par autom\u00e9dication.<\/p>\n<h2><strong><img decoding=\"async\" class=\"alignnone wp-image-16687 size-full\" src=\"https:\/\/www.millefolia.ch\/wp-content\/uploads\/2025\/04\/utilisation-medecines-complementaires-groupe-age-barometre-cam-2024.png\" alt=\"\" width=\"660\" height=\"459\"><\/strong><\/h2>\n<h2><span class=\"ez-toc-section\" id=\"La_medecine_empirique_est_etablie_en_Suisse\"><\/span><strong>La m\u00e9decine empirique est \u00e9tablie en Suisse<\/strong><span class=\"ez-toc-section-end\"><\/span><\/h2>\n<p>Les r\u00e9sultats de l&rsquo;enqu\u00eate actuelle sont presque inchang\u00e9s par rapport au premier Barom\u00e8tre CAM de 2021. Le fait que les r\u00e9sultats dans leur ensemble n&rsquo;aient gu\u00e8re chang\u00e9 en trois ans montre que la m\u00e9decine compl\u00e9mentaire et alternative est une composante \u00e9tablie et accept\u00e9e du syst\u00e8me de sant\u00e9 en Suisse, concluent les auteurs de l&rsquo;\u00e9tude. <\/p>\n<div class=\"textbox\"><h2><span class=\"ez-toc-section\" id=\"Qui_se_cache_derriere_le_Barometre_CAM\"><\/span><strong>Qui se cache derri\u00e8re le Barom\u00e8tre CAM ?<\/strong><span class=\"ez-toc-section-end\"><\/span><\/h2>\n<p>Le mandant et l&rsquo;\u00e9diteur de l&rsquo;enqu\u00eate repr\u00e9sentative \u00ab\u00a0Barom\u00e8tre CAM 2024\u00a0\u00bb est le Registre de M\u00e9decine Empirique RME. Depuis 1999, le RME v\u00e9rifie la qualification des th\u00e9rapeutes de la m\u00e9decine compl\u00e9mentaire et alternative (\u00e9galement appel\u00e9e m\u00e9decine empirique) et leur d\u00e9cerne le label de qualit\u00e9 RME. <\/p>\n<p>Presque tous les assureurs-maladie utilisent le label de qualit\u00e9 RME pour d\u00e9cider quelles prestations de m\u00e9decine empirique ils remboursent dans le cadre d&rsquo;assurances compl\u00e9mentaires priv\u00e9es. Le RME est &#8211; avec environ 27&rsquo;000 th\u00e9rapeutes titulaires du label de qualit\u00e9 RME &#8211; le principal certificateur suisse dans le domaine de la m\u00e9decine empirique. <\/p>\n<\/div>\n<h4><span style=\"color: #808080;\">Ces article Millefolia pourrait \u00e9galement vous int\u00e9resser :<\/span><\/h4>\n<ul>\n<li><a href=\"https:\/\/www.millefolia.ch\/schweizer-nutzen-komplementaermedizin\/\" target=\"_blank\" rel=\"noopener\"><em><strong>La majorit\u00e9 de la population suisse a recours aux m\u00e9decines compl\u00e9mentaires<\/strong><\/em><\/a><\/li>\n<li><a href=\"https:\/\/www.millefolia.ch\/patientenleitfaden-komplementaermedizin\/\" target=\"_blank\" rel=\"noopener\"><em><strong>Le guide des m\u00e9decines compl\u00e9mentaires vous aide \u00e0 y voir plus clair<\/strong><\/em><\/a><\/li>\n<li><a href=\"https:\/\/www.millefolia.ch\/beruehrung-als-therapie\/\" target=\"_blank\" rel=\"noopener\"><em><strong>Laissez-vous toucher par ces th\u00e9rapies<\/strong><\/em><\/a><\/li>\n<\/ul>\n<hr>\n<p>Images : <em>R\u00e9daction Millefolia et <strong>Freepik.com<\/strong><\/em> \/ <em>Christian Bolliger, Markus Simon, Alina Zumbrunn &#8211; Barom\u00e8tre CAM 2024 &#8211; Initi\u00e9 et publi\u00e9 par le Registre de M\u00e9decine Empirique RME, B\u00e2le<\/em><\/p>\n<hr>\n<h2><span class=\"ez-toc-section\" id=\"Faites-vous_aussi_partie_des_66_de_la_population_qui_ont_recours_a_la_medecine_complementaire_et_alternative\"><\/span>Faites-vous aussi partie des 66 % de la population qui ont recours \u00e0 la m\u00e9decine compl\u00e9mentaire et alternative ?<br data-mce-bogus=\"1\"><span class=\"ez-toc-section-end\"><\/span><\/h2>\n<p>Partagez vos exp\u00e9riences, vos questions ou vos astuces avec d\u2019autres lectrices et lecteurs de Millefolia !<\/p>\n<span class=\"et_bloom_bottom_trigger\"><\/span>","protected":false},"excerpt":{"rendered":"<p>Une enqu\u00eate actuelle le confirme : la grande majorit\u00e9 des personnes en Suisse fait appel \u00e0 la m\u00e9decine compl\u00e9mentaire et alternative.<\/p>\n","protected":false},"author":8,"featured_media":16658,"comment_status":"open","ping_status":"closed","sticky":false,"template":"","format":"standard","meta":{"_acf_changed":false,"_lmt_disableupdate":"no","_lmt_disable":"","footnotes":""},"categories":[629],"tags":[727,725,726,546],"class_list":["post-16775","post","type-post","status-publish","format-standard","has-post-thumbnail","hentry","category-reportage","tag-barometre-cam-2024","tag-cam","tag-enquete","tag-medecine-empirique"],"acf":[],"yoast_head":"<!-- This site is optimized with the Yoast SEO Premium plugin v27.5 (Yoast SEO v27.5) - https:\/\/yoast.com\/product\/yoast-seo-premium-wordpress\/ -->\n<title>Deux tiers de la population ont recours \u00e0 la m\u00e9decine empirique | Millefolia \u2013 Infoportal f\u00fcr Komplement\u00e4rmedizin<\/title>\n<meta name=\"description\" content=\"Une enqu\u00eate r\u00e9cente le confirme : En Suisse, la grande majorit\u00e9 utilise les m\u00e9decines compl\u00e9mentaires et alternatives avec satisfaction.\" \/>\n<meta name=\"robots\" content=\"index, follow, max-snippet:-1, max-image-preview:large, max-video-preview:-1\" \/>\n<link rel=\"canonical\" href=\"https:\/\/www.millefolia.ch\/fr\/deux-tiers-utilisent-medecine-empirique\/\" \/>\n<meta property=\"og:locale\" content=\"fr_FR\" \/>\n<meta property=\"og:type\" content=\"article\" \/>\n<meta property=\"og:title\" content=\"Deux tiers de la population ont recours \u00e0 la m\u00e9decine empirique\" \/>\n<meta property=\"og:description\" content=\"Une enqu\u00eate r\u00e9cente le confirme : En Suisse, la grande majorit\u00e9 utilise les m\u00e9decines compl\u00e9mentaires et alternatives avec satisfaction.\" \/>\n<meta property=\"og:url\" content=\"https:\/\/www.millefolia.ch\/fr\/deux-tiers-utilisent-medecine-empirique\/\" \/>\n<meta property=\"og:site_name\" content=\"Millefolia \u2013 Infoportal f\u00fcr Komplement\u00e4rmedizin\" \/>\n<meta property=\"article:publisher\" content=\"https:\/\/www.facebook.com\/dakomed\" \/>\n<meta property=\"article:published_time\" content=\"2025-04-29T11:42:30+00:00\" \/>\n<meta property=\"article:modified_time\" content=\"2025-11-18T16:40:16+00:00\" \/>\n<meta property=\"og:image\" content=\"https:\/\/www.millefolia.ch\/wp-content\/uploads\/2025\/04\/kam-barometer-2024-fuer-die-schweiz.webp\" \/>\n\t<meta property=\"og:image:width\" content=\"1024\" \/>\n\t<meta property=\"og:image:height\" content=\"684\" \/>\n\t<meta property=\"og:image:type\" content=\"image\/webp\" \/>\n<meta name=\"author\" content=\"Olaf M\u00fcller\" \/>\n<script type=\"application\/ld+json\" class=\"yoast-schema-graph\">{\"@context\":\"https:\\\/\\\/schema.org\",\"@graph\":[{\"@type\":\"Article\",\"@id\":\"https:\\\/\\\/www.millefolia.ch\\\/fr\\\/deux-tiers-utilisent-medecine-empirique\\\/#article\",\"isPartOf\":{\"@id\":\"https:\\\/\\\/www.millefolia.ch\\\/fr\\\/deux-tiers-utilisent-medecine-empirique\\\/\"},\"author\":{\"name\":\"Olaf M\u00fcller\",\"@id\":\"https:\\\/\\\/www.millefolia.ch\\\/fr\\\/#\\\/schema\\\/person\\\/0ce8dad761b3344f8112a358db65b32d\"},\"headline\":\"Deux tiers de la population ont recours \u00e0 la m\u00e9decine empirique\",\"datePublished\":\"2025-04-29T11:42:30+00:00\",\"dateModified\":\"2025-11-18T16:40:16+00:00\",\"mainEntityOfPage\":{\"@id\":\"https:\\\/\\\/www.millefolia.ch\\\/fr\\\/deux-tiers-utilisent-medecine-empirique\\\/\"},\"wordCount\":756,\"commentCount\":1,\"publisher\":{\"@id\":\"https:\\\/\\\/www.millefolia.ch\\\/fr\\\/#organization\"},\"image\":{\"@id\":\"https:\\\/\\\/www.millefolia.ch\\\/fr\\\/deux-tiers-utilisent-medecine-empirique\\\/#primaryimage\"},\"thumbnailUrl\":\"https:\\\/\\\/www.millefolia.ch\\\/wp-content\\\/uploads\\\/2025\\\/04\\\/kam-barometer-2024-fuer-die-schweiz.webp\",\"keywords\":[\"Barom\u00e8tre CAM 2024\",\"CAM\",\"enqu\u00eate\",\"M\u00e9decine empirique\"],\"articleSection\":[\"Reportage\"],\"inLanguage\":\"fr-FR\",\"potentialAction\":[{\"@type\":\"CommentAction\",\"name\":\"Comment\",\"target\":[\"https:\\\/\\\/www.millefolia.ch\\\/fr\\\/deux-tiers-utilisent-medecine-empirique\\\/#respond\"]}],\"hasPart\":[{\"@type\":\"SiteNavigationElement\",\"name\":\"Table of Contents\",\"url\":\"https:\\\/\\\/www.millefolia.ch\\\/fr\\\/deux-tiers-utilisent-medecine-empirique\\\/#ez-toc\",\"position\":1,\"hasPart\":[{\"@type\":\"SiteNavigationElement\",\"name\":\"Grande confiance dans la m\u00e9decine empirique\",\"url\":\"https:\\\/\\\/www.millefolia.ch\\\/fr\\\/deux-tiers-utilisent-medecine-empirique\\\/#grande-confiance-dans-la-medecine-empirique\",\"position\":2},{\"@type\":\"SiteNavigationElement\",\"name\":\"Les principaux r\u00e9sultats du Barom\u00e8tre CAM 2024\",\"url\":\"https:\\\/\\\/www.millefolia.ch\\\/fr\\\/deux-tiers-utilisent-medecine-empirique\\\/#les-principaux-resultats-du-barometre-cam-2024\",\"position\":3},{\"@type\":\"SiteNavigationElement\",\"name\":\"Le Barom\u00e8tre CAM 2024\",\"url\":\"https:\\\/\\\/www.millefolia.ch\\\/fr\\\/deux-tiers-utilisent-medecine-empirique\\\/#le-barometre-cam-2024\",\"position\":4},{\"@type\":\"SiteNavigationElement\",\"name\":\"87 % sont satisfaits du traitement\",\"url\":\"https:\\\/\\\/www.millefolia.ch\\\/fr\\\/deux-tiers-utilisent-medecine-empirique\\\/#87-sont-satisfaits-du-traitement\",\"position\":5},{\"@type\":\"SiteNavigationElement\",\"name\":\"L\u2019utilisation la plus fr\u00e9quente de la CAM chez les 35 \u00e0 54 ans\",\"url\":\"https:\\\/\\\/www.millefolia.ch\\\/fr\\\/deux-tiers-utilisent-medecine-empirique\\\/#lutilisation-la-plus-frequente-de-la-cam-chez-les-35-a-54-ans\",\"position\":6},{\"@type\":\"SiteNavigationElement\",\"name\":\"La m\u00e9decine empirique est \u00e9tablie en Suisse\",\"url\":\"https:\\\/\\\/www.millefolia.ch\\\/fr\\\/deux-tiers-utilisent-medecine-empirique\\\/#la-medecine-empirique-est-etablie-en-suisse\",\"position\":7},{\"@type\":\"SiteNavigationElement\",\"name\":\"Qui se cache derri\u00e8re le Barom\u00e8tre CAM ?\",\"url\":\"https:\\\/\\\/www.millefolia.ch\\\/fr\\\/deux-tiers-utilisent-medecine-empirique\\\/#qui-se-cache-derriere-le-barometre-cam\",\"position\":8},{\"@type\":\"SiteNavigationElement\",\"name\":\"Faites-vous aussi partie des 66 % de la population qui ont recours \u00e0 la m\u00e9decine compl\u00e9mentaire et alternative ?\",\"url\":\"https:\\\/\\\/www.millefolia.ch\\\/fr\\\/deux-tiers-utilisent-medecine-empirique\\\/#faites-vous-aussi-partie-des-66-de-la-population-qui-ont-recours-a-la-medecine-complementaire-et-alternative\",\"position\":9}]}]},{\"@type\":\"WebPage\",\"@id\":\"https:\\\/\\\/www.millefolia.ch\\\/fr\\\/deux-tiers-utilisent-medecine-empirique\\\/\",\"url\":\"https:\\\/\\\/www.millefolia.ch\\\/fr\\\/deux-tiers-utilisent-medecine-empirique\\\/\",\"name\":\"Deux tiers de la population ont recours \u00e0 la m\u00e9decine empirique | Millefolia \u2013 Infoportal f\u00fcr Komplement\u00e4rmedizin\",\"isPartOf\":{\"@id\":\"https:\\\/\\\/www.millefolia.ch\\\/fr\\\/#website\"},\"primaryImageOfPage\":{\"@id\":\"https:\\\/\\\/www.millefolia.ch\\\/fr\\\/deux-tiers-utilisent-medecine-empirique\\\/#primaryimage\"},\"image\":{\"@id\":\"https:\\\/\\\/www.millefolia.ch\\\/fr\\\/deux-tiers-utilisent-medecine-empirique\\\/#primaryimage\"},\"thumbnailUrl\":\"https:\\\/\\\/www.millefolia.ch\\\/wp-content\\\/uploads\\\/2025\\\/04\\\/kam-barometer-2024-fuer-die-schweiz.webp\",\"datePublished\":\"2025-04-29T11:42:30+00:00\",\"dateModified\":\"2025-11-18T16:40:16+00:00\",\"description\":\"Une enqu\u00eate r\u00e9cente le confirme : En Suisse, la grande majorit\u00e9 utilise les m\u00e9decines compl\u00e9mentaires et alternatives avec satisfaction.\",\"breadcrumb\":{\"@id\":\"https:\\\/\\\/www.millefolia.ch\\\/fr\\\/deux-tiers-utilisent-medecine-empirique\\\/#breadcrumb\"},\"inLanguage\":\"fr-FR\",\"potentialAction\":[{\"@type\":\"ReadAction\",\"target\":[\"https:\\\/\\\/www.millefolia.ch\\\/fr\\\/deux-tiers-utilisent-medecine-empirique\\\/\"]}]},{\"@type\":\"ImageObject\",\"inLanguage\":\"fr-FR\",\"@id\":\"https:\\\/\\\/www.millefolia.ch\\\/fr\\\/deux-tiers-utilisent-medecine-empirique\\\/#primaryimage\",\"url\":\"https:\\\/\\\/www.millefolia.ch\\\/wp-content\\\/uploads\\\/2025\\\/04\\\/kam-barometer-2024-fuer-die-schweiz.webp\",\"contentUrl\":\"https:\\\/\\\/www.millefolia.ch\\\/wp-content\\\/uploads\\\/2025\\\/04\\\/kam-barometer-2024-fuer-die-schweiz.webp\",\"width\":1024,\"height\":684,\"caption\":\"Graphique symbolique montrant des personnes debout sur un contour de la Suisse, pris en vue a\u00e9rienne\"},{\"@type\":\"BreadcrumbList\",\"@id\":\"https:\\\/\\\/www.millefolia.ch\\\/fr\\\/deux-tiers-utilisent-medecine-empirique\\\/#breadcrumb\",\"itemListElement\":[{\"@type\":\"ListItem\",\"position\":1,\"name\":\"Start\",\"item\":\"https:\\\/\\\/www.millefolia.ch\\\/fr\\\/\"},{\"@type\":\"ListItem\",\"position\":2,\"name\":\"Deux tiers de la population ont recours \u00e0 la m\u00e9decine empirique\"}]},{\"@type\":\"WebSite\",\"@id\":\"https:\\\/\\\/www.millefolia.ch\\\/fr\\\/#website\",\"url\":\"https:\\\/\\\/www.millefolia.ch\\\/fr\\\/\",\"name\":\"Millefolia\",\"description\":\"Das Schweizer Infoportal f\u00fcr Komplement\u00e4rmedizin\",\"publisher\":{\"@id\":\"https:\\\/\\\/www.millefolia.ch\\\/fr\\\/#organization\"},\"alternateName\":\"Das Schweizer Infoportal f\u00fcr Komplement\u00e4rmedizin\",\"potentialAction\":[{\"@type\":\"SearchAction\",\"target\":{\"@type\":\"EntryPoint\",\"urlTemplate\":\"https:\\\/\\\/www.millefolia.ch\\\/fr\\\/?s={search_term_string}\"},\"query-input\":{\"@type\":\"PropertyValueSpecification\",\"valueRequired\":true,\"valueName\":\"search_term_string\"}}],\"inLanguage\":\"fr-FR\"},{\"@type\":\"Organization\",\"@id\":\"https:\\\/\\\/www.millefolia.ch\\\/fr\\\/#organization\",\"name\":\"Millefolia \u2013 Le portail suisse d\u2019informations sur la m\u00e9decine compl\u00e9mentaire\",\"alternateName\":\"Das Schweizer Infoportal f\u00fcr Komplement\u00e4rmedizin\",\"url\":\"https:\\\/\\\/www.millefolia.ch\\\/fr\\\/\",\"logo\":{\"@type\":\"ImageObject\",\"inLanguage\":\"fr-FR\",\"@id\":\"https:\\\/\\\/www.millefolia.ch\\\/fr\\\/#\\\/schema\\\/logo\\\/image\\\/\",\"url\":\"https:\\\/\\\/www.millefolia.ch\\\/wp-content\\\/uploads\\\/2023\\\/06\\\/logo-millefolia-dakomed-d-800px.png\",\"contentUrl\":\"https:\\\/\\\/www.millefolia.ch\\\/wp-content\\\/uploads\\\/2023\\\/06\\\/logo-millefolia-dakomed-d-800px.png\",\"width\":800,\"height\":499,\"caption\":\"Millefolia \u2013 Le portail suisse d\u2019informations sur la m\u00e9decine compl\u00e9mentaire\"},\"image\":{\"@id\":\"https:\\\/\\\/www.millefolia.ch\\\/fr\\\/#\\\/schema\\\/logo\\\/image\\\/\"},\"sameAs\":[\"https:\\\/\\\/www.facebook.com\\\/dakomed\"],\"email\":\"redaktion@millefolia.ch\",\"telephone\":\"+41 31 560 00 24\",\"legalName\":\"Dachverband Komplement\u00e4rmedizin\",\"numberOfEmployees\":{\"@type\":\"QuantitativeValue\",\"minValue\":\"1\",\"maxValue\":\"10\"}},{\"@type\":\"Person\",\"@id\":\"https:\\\/\\\/www.millefolia.ch\\\/fr\\\/#\\\/schema\\\/person\\\/0ce8dad761b3344f8112a358db65b32d\",\"name\":\"Olaf M\u00fcller\"}]}<\/script>\n<!-- \/ Yoast SEO Premium plugin. -->","yoast_head_json":{"title":"Deux tiers de la population ont recours \u00e0 la m\u00e9decine empirique | Millefolia \u2013 Infoportal f\u00fcr Komplement\u00e4rmedizin","description":"Une enqu\u00eate r\u00e9cente le confirme : En Suisse, la grande majorit\u00e9 utilise les m\u00e9decines compl\u00e9mentaires et alternatives avec satisfaction.","robots":{"index":"index","follow":"follow","max-snippet":"max-snippet:-1","max-image-preview":"max-image-preview:large","max-video-preview":"max-video-preview:-1"},"canonical":"https:\/\/www.millefolia.ch\/fr\/deux-tiers-utilisent-medecine-empirique\/","og_locale":"fr_FR","og_type":"article","og_title":"Deux tiers de la population ont recours \u00e0 la m\u00e9decine empirique","og_description":"Une enqu\u00eate r\u00e9cente le confirme : En Suisse, la grande majorit\u00e9 utilise les m\u00e9decines compl\u00e9mentaires et alternatives avec satisfaction.","og_url":"https:\/\/www.millefolia.ch\/fr\/deux-tiers-utilisent-medecine-empirique\/","og_site_name":"Millefolia \u2013 Infoportal f\u00fcr Komplement\u00e4rmedizin","article_publisher":"https:\/\/www.facebook.com\/dakomed","article_published_time":"2025-04-29T11:42:30+00:00","article_modified_time":"2025-11-18T16:40:16+00:00","og_image":[{"width":1024,"height":684,"url":"https:\/\/www.millefolia.ch\/wp-content\/uploads\/2025\/04\/kam-barometer-2024-fuer-die-schweiz.webp","type":"image\/webp"}],"author":"Olaf M\u00fcller","schema":{"@context":"https:\/\/schema.org","@graph":[{"@type":"Article","@id":"https:\/\/www.millefolia.ch\/fr\/deux-tiers-utilisent-medecine-empirique\/#article","isPartOf":{"@id":"https:\/\/www.millefolia.ch\/fr\/deux-tiers-utilisent-medecine-empirique\/"},"author":{"name":"Olaf M\u00fcller","@id":"https:\/\/www.millefolia.ch\/fr\/#\/schema\/person\/0ce8dad761b3344f8112a358db65b32d"},"headline":"Deux tiers de la population ont recours \u00e0 la m\u00e9decine empirique","datePublished":"2025-04-29T11:42:30+00:00","dateModified":"2025-11-18T16:40:16+00:00","mainEntityOfPage":{"@id":"https:\/\/www.millefolia.ch\/fr\/deux-tiers-utilisent-medecine-empirique\/"},"wordCount":756,"commentCount":1,"publisher":{"@id":"https:\/\/www.millefolia.ch\/fr\/#organization"},"image":{"@id":"https:\/\/www.millefolia.ch\/fr\/deux-tiers-utilisent-medecine-empirique\/#primaryimage"},"thumbnailUrl":"https:\/\/www.millefolia.ch\/wp-content\/uploads\/2025\/04\/kam-barometer-2024-fuer-die-schweiz.webp","keywords":["Barom\u00e8tre CAM 2024","CAM","enqu\u00eate","M\u00e9decine empirique"],"articleSection":["Reportage"],"inLanguage":"fr-FR","potentialAction":[{"@type":"CommentAction","name":"Comment","target":["https:\/\/www.millefolia.ch\/fr\/deux-tiers-utilisent-medecine-empirique\/#respond"]}],"hasPart":[{"@type":"SiteNavigationElement","name":"Table of Contents","url":"https:\/\/www.millefolia.ch\/fr\/deux-tiers-utilisent-medecine-empirique\/#ez-toc","position":1,"hasPart":[{"@type":"SiteNavigationElement","name":"Grande confiance dans la m\u00e9decine empirique","url":"https:\/\/www.millefolia.ch\/fr\/deux-tiers-utilisent-medecine-empirique\/#grande-confiance-dans-la-medecine-empirique","position":2},{"@type":"SiteNavigationElement","name":"Les principaux r\u00e9sultats du Barom\u00e8tre CAM 2024","url":"https:\/\/www.millefolia.ch\/fr\/deux-tiers-utilisent-medecine-empirique\/#les-principaux-resultats-du-barometre-cam-2024","position":3},{"@type":"SiteNavigationElement","name":"Le Barom\u00e8tre CAM 2024","url":"https:\/\/www.millefolia.ch\/fr\/deux-tiers-utilisent-medecine-empirique\/#le-barometre-cam-2024","position":4},{"@type":"SiteNavigationElement","name":"87 % sont satisfaits du traitement","url":"https:\/\/www.millefolia.ch\/fr\/deux-tiers-utilisent-medecine-empirique\/#87-sont-satisfaits-du-traitement","position":5},{"@type":"SiteNavigationElement","name":"L\u2019utilisation la plus fr\u00e9quente de la CAM chez les 35 \u00e0 54 ans","url":"https:\/\/www.millefolia.ch\/fr\/deux-tiers-utilisent-medecine-empirique\/#lutilisation-la-plus-frequente-de-la-cam-chez-les-35-a-54-ans","position":6},{"@type":"SiteNavigationElement","name":"La m\u00e9decine empirique est \u00e9tablie en Suisse","url":"https:\/\/www.millefolia.ch\/fr\/deux-tiers-utilisent-medecine-empirique\/#la-medecine-empirique-est-etablie-en-suisse","position":7},{"@type":"SiteNavigationElement","name":"Qui se cache derri\u00e8re le Barom\u00e8tre CAM ?","url":"https:\/\/www.millefolia.ch\/fr\/deux-tiers-utilisent-medecine-empirique\/#qui-se-cache-derriere-le-barometre-cam","position":8},{"@type":"SiteNavigationElement","name":"Faites-vous aussi partie des 66 % de la population qui ont recours \u00e0 la m\u00e9decine compl\u00e9mentaire et alternative ?","url":"https:\/\/www.millefolia.ch\/fr\/deux-tiers-utilisent-medecine-empirique\/#faites-vous-aussi-partie-des-66-de-la-population-qui-ont-recours-a-la-medecine-complementaire-et-alternative","position":9}]}]},{"@type":"WebPage","@id":"https:\/\/www.millefolia.ch\/fr\/deux-tiers-utilisent-medecine-empirique\/","url":"https:\/\/www.millefolia.ch\/fr\/deux-tiers-utilisent-medecine-empirique\/","name":"Deux tiers de la population ont recours \u00e0 la m\u00e9decine empirique | Millefolia \u2013 Infoportal f\u00fcr Komplement\u00e4rmedizin","isPartOf":{"@id":"https:\/\/www.millefolia.ch\/fr\/#website"},"primaryImageOfPage":{"@id":"https:\/\/www.millefolia.ch\/fr\/deux-tiers-utilisent-medecine-empirique\/#primaryimage"},"image":{"@id":"https:\/\/www.millefolia.ch\/fr\/deux-tiers-utilisent-medecine-empirique\/#primaryimage"},"thumbnailUrl":"https:\/\/www.millefolia.ch\/wp-content\/uploads\/2025\/04\/kam-barometer-2024-fuer-die-schweiz.webp","datePublished":"2025-04-29T11:42:30+00:00","dateModified":"2025-11-18T16:40:16+00:00","description":"Une enqu\u00eate r\u00e9cente le confirme : En Suisse, la grande majorit\u00e9 utilise les m\u00e9decines compl\u00e9mentaires et alternatives avec satisfaction.","breadcrumb":{"@id":"https:\/\/www.millefolia.ch\/fr\/deux-tiers-utilisent-medecine-empirique\/#breadcrumb"},"inLanguage":"fr-FR","potentialAction":[{"@type":"ReadAction","target":["https:\/\/www.millefolia.ch\/fr\/deux-tiers-utilisent-medecine-empirique\/"]}]},{"@type":"ImageObject","inLanguage":"fr-FR","@id":"https:\/\/www.millefolia.ch\/fr\/deux-tiers-utilisent-medecine-empirique\/#primaryimage","url":"https:\/\/www.millefolia.ch\/wp-content\/uploads\/2025\/04\/kam-barometer-2024-fuer-die-schweiz.webp","contentUrl":"https:\/\/www.millefolia.ch\/wp-content\/uploads\/2025\/04\/kam-barometer-2024-fuer-die-schweiz.webp","width":1024,"height":684,"caption":"Graphique symbolique montrant des personnes debout sur un contour de la Suisse, pris en vue a\u00e9rienne"},{"@type":"BreadcrumbList","@id":"https:\/\/www.millefolia.ch\/fr\/deux-tiers-utilisent-medecine-empirique\/#breadcrumb","itemListElement":[{"@type":"ListItem","position":1,"name":"Start","item":"https:\/\/www.millefolia.ch\/fr\/"},{"@type":"ListItem","position":2,"name":"Deux tiers de la population ont recours \u00e0 la m\u00e9decine empirique"}]},{"@type":"WebSite","@id":"https:\/\/www.millefolia.ch\/fr\/#website","url":"https:\/\/www.millefolia.ch\/fr\/","name":"Millefolia","description":"Das Schweizer Infoportal f\u00fcr Komplement\u00e4rmedizin","publisher":{"@id":"https:\/\/www.millefolia.ch\/fr\/#organization"},"alternateName":"Das Schweizer Infoportal f\u00fcr Komplement\u00e4rmedizin","potentialAction":[{"@type":"SearchAction","target":{"@type":"EntryPoint","urlTemplate":"https:\/\/www.millefolia.ch\/fr\/?s={search_term_string}"},"query-input":{"@type":"PropertyValueSpecification","valueRequired":true,"valueName":"search_term_string"}}],"inLanguage":"fr-FR"},{"@type":"Organization","@id":"https:\/\/www.millefolia.ch\/fr\/#organization","name":"Millefolia \u2013 Le portail suisse d\u2019informations sur la m\u00e9decine compl\u00e9mentaire","alternateName":"Das Schweizer Infoportal f\u00fcr Komplement\u00e4rmedizin","url":"https:\/\/www.millefolia.ch\/fr\/","logo":{"@type":"ImageObject","inLanguage":"fr-FR","@id":"https:\/\/www.millefolia.ch\/fr\/#\/schema\/logo\/image\/","url":"https:\/\/www.millefolia.ch\/wp-content\/uploads\/2023\/06\/logo-millefolia-dakomed-d-800px.png","contentUrl":"https:\/\/www.millefolia.ch\/wp-content\/uploads\/2023\/06\/logo-millefolia-dakomed-d-800px.png","width":800,"height":499,"caption":"Millefolia \u2013 Le portail suisse d\u2019informations sur la m\u00e9decine compl\u00e9mentaire"},"image":{"@id":"https:\/\/www.millefolia.ch\/fr\/#\/schema\/logo\/image\/"},"sameAs":["https:\/\/www.facebook.com\/dakomed"],"email":"redaktion@millefolia.ch","telephone":"+41 31 560 00 24","legalName":"Dachverband Komplement\u00e4rmedizin","numberOfEmployees":{"@type":"QuantitativeValue","minValue":"1","maxValue":"10"}},{"@type":"Person","@id":"https:\/\/www.millefolia.ch\/fr\/#\/schema\/person\/0ce8dad761b3344f8112a358db65b32d","name":"Olaf M\u00fcller"}]}},"_links":{"self":[{"href":"https:\/\/www.millefolia.ch\/fr\/wp-json\/wp\/v2\/posts\/16775","targetHints":{"allow":["GET"]}}],"collection":[{"href":"https:\/\/www.millefolia.ch\/fr\/wp-json\/wp\/v2\/posts"}],"about":[{"href":"https:\/\/www.millefolia.ch\/fr\/wp-json\/wp\/v2\/types\/post"}],"author":[{"embeddable":true,"href":"https:\/\/www.millefolia.ch\/fr\/wp-json\/wp\/v2\/users\/8"}],"replies":[{"embeddable":true,"href":"https:\/\/www.millefolia.ch\/fr\/wp-json\/wp\/v2\/comments?post=16775"}],"version-history":[{"count":12,"href":"https:\/\/www.millefolia.ch\/fr\/wp-json\/wp\/v2\/posts\/16775\/revisions"}],"predecessor-version":[{"id":18764,"href":"https:\/\/www.millefolia.ch\/fr\/wp-json\/wp\/v2\/posts\/16775\/revisions\/18764"}],"wp:featuredmedia":[{"embeddable":true,"href":"https:\/\/www.millefolia.ch\/fr\/wp-json\/wp\/v2\/media\/16658"}],"wp:attachment":[{"href":"https:\/\/www.millefolia.ch\/fr\/wp-json\/wp\/v2\/media?parent=16775"}],"wp:term":[{"taxonomy":"category","embeddable":true,"href":"https:\/\/www.millefolia.ch\/fr\/wp-json\/wp\/v2\/categories?post=16775"},{"taxonomy":"post_tag","embeddable":true,"href":"https:\/\/www.millefolia.ch\/fr\/wp-json\/wp\/v2\/tags?post=16775"}],"curies":[{"name":"wp","href":"https:\/\/api.w.org\/{rel}","templated":true}]}}