{"id":6492,"date":"2021-08-17T16:00:23","date_gmt":"2021-08-17T14:00:23","guid":{"rendered":"https:\/\/www.millefolia.ch\/?p=6492"},"modified":"2021-08-17T16:01:32","modified_gmt":"2021-08-17T14:01:32","slug":"enfant-avec-fievre","status":"publish","type":"post","link":"https:\/\/www.millefolia.ch\/fr\/enfant-avec-fievre\/","title":{"rendered":"Mon enfant a de la fi\u00e8vre: Que dois-je faire?"},"content":{"rendered":"<p><em>Diane Louise Lassonde PhD<\/em><\/p>\n<div id=\"ez-toc-container\" class=\"ez-toc-v2_0_82_2 counter-hierarchy ez-toc-counter ez-toc-grey ez-toc-container-direction\">\n<div class=\"ez-toc-title-container\">\n<p class=\"ez-toc-title\" style=\"cursor:inherit\">Table des mati\u00e8res<\/p>\n<span class=\"ez-toc-title-toggle\"><a href=\"#\" class=\"ez-toc-pull-right ez-toc-btn ez-toc-btn-xs ez-toc-btn-default ez-toc-toggle\" aria-label=\"Toggle Table of Content\"><span class=\"ez-toc-js-icon-con\"><span class=\"\"><span class=\"eztoc-hide\" style=\"display:none;\">Toggle<\/span><span class=\"ez-toc-icon-toggle-span\"><svg style=\"fill: #999;color:#999\" xmlns=\"http:\/\/www.w3.org\/2000\/svg\" class=\"list-377408\" width=\"20px\" height=\"20px\" viewBox=\"0 0 24 24\" fill=\"none\"><path d=\"M6 6H4v2h2V6zm14 0H8v2h12V6zM4 11h2v2H4v-2zm16 0H8v2h12v-2zM4 16h2v2H4v-2zm16 0H8v2h12v-2z\" fill=\"currentColor\"><\/path><\/svg><svg style=\"fill: #999;color:#999\" class=\"arrow-unsorted-368013\" xmlns=\"http:\/\/www.w3.org\/2000\/svg\" width=\"10px\" height=\"10px\" viewBox=\"0 0 24 24\" version=\"1.2\" baseProfile=\"tiny\"><path d=\"M18.2 9.3l-6.2-6.3-6.2 6.3c-.2.2-.3.4-.3.7s.1.5.3.7c.2.2.4.3.7.3h11c.3 0 .5-.1.7-.3.2-.2.3-.5.3-.7s-.1-.5-.3-.7zM5.8 14.7l6.2 6.3 6.2-6.3c.2-.2.3-.5.3-.7s-.1-.5-.3-.7c-.2-.2-.4-.3-.7-.3h-11c-.3 0-.5.1-.7.3-.2.2-.3.5-.3.7s.1.5.3.7z\"\/><\/svg><\/span><\/span><\/span><\/a><\/span><\/div>\n<nav><ul class='ez-toc-list ez-toc-list-level-1 eztoc-toggle-hide-by-default' ><li class='ez-toc-page-1 ez-toc-heading-level-2'><a class=\"ez-toc-link ez-toc-heading-1\" href=\"https:\/\/www.millefolia.ch\/fr\/enfant-avec-fievre\/#La_fievre_un_mecanisme_dalerte\" >La fi\u00e8vre, un m\u00e9canisme d\u2019alerte<\/a><\/li><li class='ez-toc-page-1 ez-toc-heading-level-2'><a class=\"ez-toc-link ez-toc-heading-2\" href=\"https:\/\/www.millefolia.ch\/fr\/enfant-avec-fievre\/#Les_animaux_ont_aussi_la_fievre\" >Les animaux ont aussi la fi\u00e8vre<\/a><\/li><li class='ez-toc-page-1 ez-toc-heading-level-2'><a class=\"ez-toc-link ez-toc-heading-3\" href=\"https:\/\/www.millefolia.ch\/fr\/enfant-avec-fievre\/#Existe-t-il_une_temperature_maximale\" >Existe-t-il une temp\u00e9rature maximale\u00a0?<\/a><\/li><li class='ez-toc-page-1 ez-toc-heading-level-2'><a class=\"ez-toc-link ez-toc-heading-4\" href=\"https:\/\/www.millefolia.ch\/fr\/enfant-avec-fievre\/#La_priorite_calmer_les_parents\" >La priorit\u00e9\u00a0: calmer les parents<\/a><\/li><li class='ez-toc-page-1 ez-toc-heading-level-2'><a class=\"ez-toc-link ez-toc-heading-5\" href=\"https:\/\/www.millefolia.ch\/fr\/enfant-avec-fievre\/#Ameliorer_les_competences_des_pediatres_et_des_parents\" >Am\u00e9liorer les comp\u00e9tences des p\u00e9diatres et des parents<\/a><\/li><li class='ez-toc-page-1 ez-toc-heading-level-2'><a class=\"ez-toc-link ez-toc-heading-6\" href=\"https:\/\/www.millefolia.ch\/fr\/enfant-avec-fievre\/#Les_messages_cles\" >Les messages cl\u00e9s<\/a><\/li><li class='ez-toc-page-1 ez-toc-heading-level-2'><a class=\"ez-toc-link ez-toc-heading-7\" href=\"https:\/\/www.millefolia.ch\/fr\/enfant-avec-fievre\/#Changer_dattitude_en_faveur_dune_approche_integrative\" >Changer d\u2019attitude en faveur d\u2019une approche int\u00e9grative<\/a><\/li><li class='ez-toc-page-1 ez-toc-heading-level-2'><a class=\"ez-toc-link ez-toc-heading-8\" href=\"https:\/\/www.millefolia.ch\/fr\/enfant-avec-fievre\/#Les_solutions_naturelles\" >Les solutions naturelles<\/a><\/li><\/ul><\/nav><\/div>\n<h2><span class=\"ez-toc-section\" id=\"La_fievre_un_mecanisme_dalerte\"><\/span>La fi\u00e8vre, un m\u00e9canisme d\u2019alerte<span class=\"ez-toc-section-end\"><\/span><\/h2>\n<p>Un enfant a 40\u00b0C de fi\u00e8vre et c\u2019est la panique chez les parents. Ils se pr\u00e9cipitent chez le p\u00e9diatre pour avoir la confirmation qu\u2019il n\u2019a rien de grave et demandent un m\u00e9dicament pour faire baisser sa temp\u00e9rature. Selon l\u2019approche int\u00e9grative en p\u00e9diatrie, cette angoisse n\u2019a pas lieu d\u2019\u00eatre.\u00a0 Bien au contraire, la fi\u00e8vre indique que le syst\u00e8me immunitaire de l\u2019enfant se mobilise pour lutter contre une infection. De plus, la fi\u00e8vre n\u2019a pas d\u2019effets n\u00e9fastes ni sur le cerveau ni sur les autres organes.<\/p>\n<blockquote><p>La fi\u00e8vre indique que le syst\u00e8me immunitaire de l\u2019enfant se mobilise pour lutter contre une infection.<\/p><\/blockquote>\n<h2><span class=\"ez-toc-section\" id=\"Les_animaux_ont_aussi_la_fievre\"><\/span>Les animaux ont aussi la fi\u00e8vre<span class=\"ez-toc-section-end\"><\/span><\/h2>\n<p>Depuis plus de 600 millions d\u2019ann\u00e9es, ce m\u00e9canisme biologique a permis aux animaux ainsi qu\u2019aux humains de s\u2019adapter aux diff\u00e9rents pathog\u00e8nes pr\u00e9sents dans leur environnement. Des \u00e9tudes ont montr\u00e9 que des souris auxquelles on avait inocul\u00e9 un virus mourraient si on refroidissait leur corps. A l\u2019inverse, celles qui \u00e9taient maintenues dans la chaleur survivaient. Le m\u00e9canisme est le m\u00eame chez animaux \u00e0 sang froid ou \u00e0 sang chaud, \u00e0 savoir qu\u2019une temp\u00e9rature du corps \u00e9lev\u00e9e permet de lutter plus efficacement contre la r\u00e9plication des virus.<\/p>\n<h2><span class=\"ez-toc-section\" id=\"Existe-t-il_une_temperature_maximale\"><\/span>Existe-t-il une temp\u00e9rature maximale\u00a0?<span class=\"ez-toc-section-end\"><\/span><\/h2>\n<div id=\"attachment_6498\" style=\"width: 310px\" class=\"wp-caption alignright\"><img decoding=\"async\" aria-describedby=\"caption-attachment-6498\" class=\"wp-image-6498 size-medium\" src=\"https:\/\/www.millefolia.ch\/wp-content\/uploads\/2021\/08\/edgar-soto-iaHZUC69YHA-unsplash-3-e1628502446584-300x271.jpg\" alt=\"Il n\u2019y a pas de temp\u00e9rature maximale \u00e0 partir de laquelle la fi\u00e8vre pr\u00e9senterait des dangers\" width=\"300\" height=\"271\" srcset=\"https:\/\/www.millefolia.ch\/wp-content\/uploads\/2021\/08\/edgar-soto-iaHZUC69YHA-unsplash-3-e1628502446584-300x271.jpg 300w, https:\/\/www.millefolia.ch\/wp-content\/uploads\/2021\/08\/edgar-soto-iaHZUC69YHA-unsplash-3-e1628502446584.jpg 473w\" sizes=\"(max-width: 300px) 100vw, 300px\" \/><p id=\"caption-attachment-6498\" class=\"wp-caption-text\">Il n\u2019y a pas de temp\u00e9rature maximale \u00e0 partir de laquelle la fi\u00e8vre pr\u00e9senterait des dangers<\/p><\/div>\n<p>Il n\u2019y a pas de temp\u00e9rature maximale \u00e0 partir de laquelle la fi\u00e8vre pr\u00e9senterait des dangers. Des temp\u00e9ratures allant jusqu\u2019\u00e0 41 ou 42\u00b0C ont \u00e9t\u00e9 recens\u00e9es sans qu\u2019il y ait de dommage pour un enfant. Dans la r\u00e9alit\u00e9, pour de nombreux parents, ces temp\u00e9ratures sont anxiog\u00e8nes. C\u2019est pr\u00e9cis\u00e9ment pour modifier cette perception que deux p\u00e9diatres ont entrepris un projet conjoint, le Dr. Tido von Schoen-Angerer de Gen\u00e8ve et le Dr. David Martin, directeur de l\u2019Institut pour la M\u00e9decine int\u00e9grative de Witten-Herdecke, en Allemagne. Selon eux, de nombreux parents ont des pr\u00e9jug\u00e9s, voire des conceptions erron\u00e9es de la fi\u00e8vre, de ses effets et ignorent comment aider leur enfant \u00e0 se r\u00e9tablir de mani\u00e8re naturelle.<\/p>\n<h2><span class=\"ez-toc-section\" id=\"La_priorite_calmer_les_parents\"><\/span>La priorit\u00e9\u00a0: calmer les parents<span class=\"ez-toc-section-end\"><\/span><\/h2>\n<p>Selon les deux p\u00e9diatres, les parents interpr\u00e8tent la fi\u00e8vre comme une maladie alors que ce n\u2019est qu\u2019un sympt\u00f4me. Les parents ont peur parce qu\u2019ils se sentent impuissants et que la maladie d\u2019un enfant bouleverse l\u2019organisation de la vie quotidienne. L\u2019\u00e9cole, le travail, les d\u00e9placements, les courses, les rendez-vous, il faut tout r\u00e9organiser autour de la maladie.<\/p>\n<blockquote><p>Les parents interpr\u00e8tent la fi\u00e8vre comme une maladie alors que ce n\u2019est qu\u2019un sympt\u00f4me.<\/p><\/blockquote>\n<h2><span class=\"ez-toc-section\" id=\"Ameliorer_les_competences_des_pediatres_et_des_parents\"><\/span>Am\u00e9liorer les comp\u00e9tences des p\u00e9diatres et des parents<span class=\"ez-toc-section-end\"><\/span><\/h2>\n<p>Les p\u00e9diatres eux-m\u00eames participent de cette phobie, essentiellement par manque d\u2019information ou parce qu\u2019ils se sentent oblig\u00e9s de proposer une solution \u00e0 des parents inquiets. Une \u00e9tude de 2011 indique que 96% des p\u00e9diatres suisses estiment qu\u2019au-del\u00e0 d\u2019une temp\u00e9rature rectale de 38,5\u00b0C, il faut r\u00e9duire la fi\u00e8vre. La grande majorit\u00e9 d\u2019entre eux ont prescrit du parac\u00e9tamol et de l\u2019ibuprof\u00e8ne. Moins de 10% ont recommand\u00e9 des pr\u00e9parations hom\u00e9opathiques.<\/p>\n<div class=\"textbox\"><h2><span class=\"ez-toc-section\" id=\"Les_messages_cles\"><\/span>Les messages cl\u00e9s<span class=\"ez-toc-section-end\"><\/span><\/h2>\n<p>Face \u00e0 la phobie de la fi\u00e8vre, un m\u00e9decin de famille ou un p\u00e9diatre form\u00e9 \u00e0 l\u2019approche int\u00e9grative aura un r\u00f4le \u00e0 jouer pour calmer les parents et leur donner quelques \u00a0conseils. Les messages cl\u00e9s\u00a0:<\/p>\n<ul>\n<li>la fi\u00e8vre fait partie du processus naturel et spontan\u00e9 de gu\u00e9rison<\/li>\n<li>il ne faut pas chercher \u00e0 l\u2019enrayer par des m\u00e9dicaments ou des antibiotiques<\/li>\n<li>les parents doivent se faire confiance\u00a0; ils connaissent leur enfant, ses r\u00e9actions, sa sensibilit\u00e9, et sont parfaitement aptes \u00e0 juger de son \u00e9tat<\/li>\n<li>il est possible d\u2019accompagner son enfant avec des pr\u00e9parations naturelles pour lui procurer plus de confort et apaiser ses douleurs<\/li>\n<li>enfin, un enfant qui a de la fi\u00e8vre c\u2019est une opportunit\u00e9 pour resserrer les liens avec lui, l\u2019entourer d\u2019attention et lui t\u00e9moigner de l\u2019affection\u00a0; profitez-en !<\/li>\n<\/ul>\n<\/div>\n<h2><span class=\"ez-toc-section\" id=\"Changer_dattitude_en_faveur_dune_approche_integrative\"><\/span>Changer d\u2019attitude en faveur d\u2019une approche int\u00e9grative<span class=\"ez-toc-section-end\"><\/span><\/h2>\n<p>Selon les deux m\u00e9decins, il est temps que parents et m\u00e9decins changent d\u2019attitude. Faire baisser la fi\u00e8vre ne doit plus \u00eatre l\u2019objectif vis\u00e9. \u00a0Pour cela, il convient d\u2019\u00e9laborer de nouveaux protocoles visant \u00e0 diminuer l\u2019inconfort de l\u2019enfant, \u00e0 apaiser ses douleurs et \u00e0 le r\u00e9conforter.<\/p>\n<blockquote><p>Faire baisser la fi\u00e8vre ne doit plus \u00eatre l\u2019objectif vis\u00e9.<\/p><\/blockquote>\n<h2><span class=\"ez-toc-section\" id=\"Les_solutions_naturelles\"><\/span>Les solutions naturelles<span class=\"ez-toc-section-end\"><\/span><\/h2>\n<p>Il existe un grand nombre de m\u00e9thodes naturelles pour cela. Les rem\u00e8des de grand-m\u00e8re comme le th\u00e9 de sauge ou de fleurs de tilleul sont une option. On peut aussi d\u00e9sinfecter les parties douloureuses, mettre des compresses ti\u00e8des, recourir \u00e0 la phytoth\u00e9rapie, lui pr\u00e9parer des breuvages chauds, l\u2019envelopper dans des couvertures douillettes et le laisser se reposer dans son lit.<\/p>\n<hr \/>\n<p>Photos: Unsplash<\/p>\n<span class=\"et_bloom_bottom_trigger\"><\/span>","protected":false},"excerpt":{"rendered":"<p>Faire baisser la fi\u00e8vre ne doit plus \u00eatre l\u2019objectif vis\u00e9. La fi\u00e8vre indique que le syst\u00e8me immunitaire de l\u2019enfant se mobilise pour lutter contre une infection.<\/p>\n","protected":false},"author":2,"featured_media":6493,"comment_status":"open","ping_status":"closed","sticky":false,"template":"","format":"standard","meta":{"_acf_changed":false,"_lmt_disableupdate":"","_lmt_disable":"","footnotes":""},"categories":[64],"tags":[],"class_list":["post-6492","post","type-post","status-publish","format-standard","has-post-thumbnail","hentry","category-trucs-et-conseils"],"acf":[],"yoast_head":"<!-- This site is optimized with the Yoast SEO Premium plugin v27.5 (Yoast SEO v27.5) - https:\/\/yoast.com\/product\/yoast-seo-premium-wordpress\/ -->\n<title>Mon enfant a de la fi\u00e8vre: Que dois-je faire? | Millefolia \u2013 Infoportal f\u00fcr Komplement\u00e4rmedizin<\/title>\n<meta name=\"description\" content=\"Faire baisser la fi\u00e8vre ne doit plus \u00eatre l\u2019objectif vis\u00e9. La fi\u00e8vre indique que le syst\u00e8me immunitaire de l\u2019enfant se mobilise pour lutter contre une infection.\" \/>\n<meta name=\"robots\" content=\"index, follow, max-snippet:-1, max-image-preview:large, max-video-preview:-1\" \/>\n<link rel=\"canonical\" href=\"https:\/\/www.millefolia.ch\/fr\/enfant-avec-fievre\/\" \/>\n<meta property=\"og:locale\" content=\"fr_FR\" \/>\n<meta property=\"og:type\" content=\"article\" \/>\n<meta property=\"og:title\" content=\"Mon enfant a de la fi\u00e8vre: Que dois-je faire?\" \/>\n<meta property=\"og:description\" content=\"Faire baisser la fi\u00e8vre ne doit plus \u00eatre l\u2019objectif vis\u00e9. La fi\u00e8vre indique que le syst\u00e8me immunitaire de l\u2019enfant se mobilise pour lutter contre une infection.\" \/>\n<meta property=\"og:url\" content=\"https:\/\/www.millefolia.ch\/fr\/enfant-avec-fievre\/\" \/>\n<meta property=\"og:site_name\" content=\"Millefolia \u2013 Infoportal f\u00fcr Komplement\u00e4rmedizin\" \/>\n<meta property=\"article:publisher\" content=\"https:\/\/www.facebook.com\/dakomed\" \/>\n<meta property=\"article:published_time\" content=\"2021-08-17T14:00:23+00:00\" \/>\n<meta property=\"article:modified_time\" content=\"2021-08-17T14:01:32+00:00\" \/>\n<meta property=\"og:image\" content=\"https:\/\/www.millefolia.ch\/wp-content\/uploads\/2021\/08\/Mon-enfant-a-de-la-fievre.jpg\" \/>\n\t<meta property=\"og:image:width\" content=\"1920\" \/>\n\t<meta property=\"og:image:height\" content=\"1277\" \/>\n\t<meta property=\"og:image:type\" content=\"image\/jpeg\" \/>\n<meta name=\"author\" content=\"Redaktion Millefolia\" \/>\n<script type=\"application\/ld+json\" class=\"yoast-schema-graph\">{\"@context\":\"https:\\\/\\\/schema.org\",\"@graph\":[{\"@type\":\"Article\",\"@id\":\"https:\\\/\\\/www.millefolia.ch\\\/fr\\\/enfant-avec-fievre\\\/#article\",\"isPartOf\":{\"@id\":\"https:\\\/\\\/www.millefolia.ch\\\/fr\\\/enfant-avec-fievre\\\/\"},\"author\":{\"name\":\"Redaktion Millefolia\",\"@id\":\"https:\\\/\\\/www.millefolia.ch\\\/fr\\\/#\\\/schema\\\/person\\\/bb3b2f62c2882375d234527ca17c9014\"},\"headline\":\"Mon enfant a de la fi\u00e8vre: Que dois-je faire?\",\"datePublished\":\"2021-08-17T14:00:23+00:00\",\"dateModified\":\"2021-08-17T14:01:32+00:00\",\"mainEntityOfPage\":{\"@id\":\"https:\\\/\\\/www.millefolia.ch\\\/fr\\\/enfant-avec-fievre\\\/\"},\"wordCount\":748,\"commentCount\":0,\"publisher\":{\"@id\":\"https:\\\/\\\/www.millefolia.ch\\\/fr\\\/#organization\"},\"image\":{\"@id\":\"https:\\\/\\\/www.millefolia.ch\\\/fr\\\/enfant-avec-fievre\\\/#primaryimage\"},\"thumbnailUrl\":\"https:\\\/\\\/www.millefolia.ch\\\/wp-content\\\/uploads\\\/2021\\\/08\\\/Mon-enfant-a-de-la-fievre.jpg\",\"articleSection\":[\"Trucs et conseils\"],\"inLanguage\":\"fr-FR\",\"potentialAction\":[{\"@type\":\"CommentAction\",\"name\":\"Comment\",\"target\":[\"https:\\\/\\\/www.millefolia.ch\\\/fr\\\/enfant-avec-fievre\\\/#respond\"]}],\"hasPart\":[{\"@type\":\"SiteNavigationElement\",\"name\":\"Table of Contents\",\"url\":\"https:\\\/\\\/www.millefolia.ch\\\/fr\\\/enfant-avec-fievre\\\/#ez-toc\",\"position\":1,\"hasPart\":[{\"@type\":\"SiteNavigationElement\",\"name\":\"La fi\u00e8vre, un m\u00e9canisme d\u2019alerte\",\"url\":\"https:\\\/\\\/www.millefolia.ch\\\/fr\\\/enfant-avec-fievre\\\/#la-fievre-un-mecanisme-dalerte\",\"position\":2},{\"@type\":\"SiteNavigationElement\",\"name\":\"Les animaux ont aussi la fi\u00e8vre\",\"url\":\"https:\\\/\\\/www.millefolia.ch\\\/fr\\\/enfant-avec-fievre\\\/#les-animaux-ont-aussi-la-fievre\",\"position\":3},{\"@type\":\"SiteNavigationElement\",\"name\":\"Existe-t-il une temp\u00e9rature maximale\u00a0?\",\"url\":\"https:\\\/\\\/www.millefolia.ch\\\/fr\\\/enfant-avec-fievre\\\/#existe-t-il-une-temperature-maximale\",\"position\":4},{\"@type\":\"SiteNavigationElement\",\"name\":\"La priorit\u00e9\u00a0: calmer les parents\",\"url\":\"https:\\\/\\\/www.millefolia.ch\\\/fr\\\/enfant-avec-fievre\\\/#la-priorite-calmer-les-parents\",\"position\":5},{\"@type\":\"SiteNavigationElement\",\"name\":\"Am\u00e9liorer les comp\u00e9tences des p\u00e9diatres et des parents\",\"url\":\"https:\\\/\\\/www.millefolia.ch\\\/fr\\\/enfant-avec-fievre\\\/#ameliorer-les-competences-des-pediatres-et-des-parents\",\"position\":6},{\"@type\":\"SiteNavigationElement\",\"name\":\"Les messages cl\u00e9s\",\"url\":\"https:\\\/\\\/www.millefolia.ch\\\/fr\\\/enfant-avec-fievre\\\/#les-messages-cles\",\"position\":7},{\"@type\":\"SiteNavigationElement\",\"name\":\"Changer d\u2019attitude en faveur d\u2019une approche int\u00e9grative\",\"url\":\"https:\\\/\\\/www.millefolia.ch\\\/fr\\\/enfant-avec-fievre\\\/#changer-dattitude-en-faveur-dune-approche-integrative\",\"position\":8},{\"@type\":\"SiteNavigationElement\",\"name\":\"Les solutions naturelles\",\"url\":\"https:\\\/\\\/www.millefolia.ch\\\/fr\\\/enfant-avec-fievre\\\/#les-solutions-naturelles\",\"position\":9}]}]},{\"@type\":\"WebPage\",\"@id\":\"https:\\\/\\\/www.millefolia.ch\\\/fr\\\/enfant-avec-fievre\\\/\",\"url\":\"https:\\\/\\\/www.millefolia.ch\\\/fr\\\/enfant-avec-fievre\\\/\",\"name\":\"Mon enfant a de la fi\u00e8vre: Que dois-je faire? | Millefolia \u2013 Infoportal f\u00fcr Komplement\u00e4rmedizin\",\"isPartOf\":{\"@id\":\"https:\\\/\\\/www.millefolia.ch\\\/fr\\\/#website\"},\"primaryImageOfPage\":{\"@id\":\"https:\\\/\\\/www.millefolia.ch\\\/fr\\\/enfant-avec-fievre\\\/#primaryimage\"},\"image\":{\"@id\":\"https:\\\/\\\/www.millefolia.ch\\\/fr\\\/enfant-avec-fievre\\\/#primaryimage\"},\"thumbnailUrl\":\"https:\\\/\\\/www.millefolia.ch\\\/wp-content\\\/uploads\\\/2021\\\/08\\\/Mon-enfant-a-de-la-fievre.jpg\",\"datePublished\":\"2021-08-17T14:00:23+00:00\",\"dateModified\":\"2021-08-17T14:01:32+00:00\",\"description\":\"Faire baisser la fi\u00e8vre ne doit plus \u00eatre l\u2019objectif vis\u00e9. La fi\u00e8vre indique que le syst\u00e8me immunitaire de l\u2019enfant se mobilise pour lutter contre une infection.\",\"breadcrumb\":{\"@id\":\"https:\\\/\\\/www.millefolia.ch\\\/fr\\\/enfant-avec-fievre\\\/#breadcrumb\"},\"inLanguage\":\"fr-FR\",\"potentialAction\":[{\"@type\":\"ReadAction\",\"target\":[\"https:\\\/\\\/www.millefolia.ch\\\/fr\\\/enfant-avec-fievre\\\/\"]}]},{\"@type\":\"ImageObject\",\"inLanguage\":\"fr-FR\",\"@id\":\"https:\\\/\\\/www.millefolia.ch\\\/fr\\\/enfant-avec-fievre\\\/#primaryimage\",\"url\":\"https:\\\/\\\/www.millefolia.ch\\\/wp-content\\\/uploads\\\/2021\\\/08\\\/Mon-enfant-a-de-la-fievre.jpg\",\"contentUrl\":\"https:\\\/\\\/www.millefolia.ch\\\/wp-content\\\/uploads\\\/2021\\\/08\\\/Mon-enfant-a-de-la-fievre.jpg\",\"width\":1920,\"height\":1277},{\"@type\":\"BreadcrumbList\",\"@id\":\"https:\\\/\\\/www.millefolia.ch\\\/fr\\\/enfant-avec-fievre\\\/#breadcrumb\",\"itemListElement\":[{\"@type\":\"ListItem\",\"position\":1,\"name\":\"Start\",\"item\":\"https:\\\/\\\/www.millefolia.ch\\\/fr\\\/\"},{\"@type\":\"ListItem\",\"position\":2,\"name\":\"Mon enfant a de la fi\u00e8vre: Que dois-je faire?\"}]},{\"@type\":\"WebSite\",\"@id\":\"https:\\\/\\\/www.millefolia.ch\\\/fr\\\/#website\",\"url\":\"https:\\\/\\\/www.millefolia.ch\\\/fr\\\/\",\"name\":\"Millefolia\",\"description\":\"Das Schweizer Infoportal f\u00fcr Komplement\u00e4rmedizin\",\"publisher\":{\"@id\":\"https:\\\/\\\/www.millefolia.ch\\\/fr\\\/#organization\"},\"alternateName\":\"Das Schweizer Infoportal f\u00fcr Komplement\u00e4rmedizin\",\"potentialAction\":[{\"@type\":\"SearchAction\",\"target\":{\"@type\":\"EntryPoint\",\"urlTemplate\":\"https:\\\/\\\/www.millefolia.ch\\\/fr\\\/?s={search_term_string}\"},\"query-input\":{\"@type\":\"PropertyValueSpecification\",\"valueRequired\":true,\"valueName\":\"search_term_string\"}}],\"inLanguage\":\"fr-FR\"},{\"@type\":\"Organization\",\"@id\":\"https:\\\/\\\/www.millefolia.ch\\\/fr\\\/#organization\",\"name\":\"Millefolia \u2013 Le portail suisse d\u2019informations sur la m\u00e9decine compl\u00e9mentaire\",\"alternateName\":\"Das Schweizer Infoportal f\u00fcr Komplement\u00e4rmedizin\",\"url\":\"https:\\\/\\\/www.millefolia.ch\\\/fr\\\/\",\"logo\":{\"@type\":\"ImageObject\",\"inLanguage\":\"fr-FR\",\"@id\":\"https:\\\/\\\/www.millefolia.ch\\\/fr\\\/#\\\/schema\\\/logo\\\/image\\\/\",\"url\":\"https:\\\/\\\/www.millefolia.ch\\\/wp-content\\\/uploads\\\/2023\\\/06\\\/logo-millefolia-dakomed-d-800px.png\",\"contentUrl\":\"https:\\\/\\\/www.millefolia.ch\\\/wp-content\\\/uploads\\\/2023\\\/06\\\/logo-millefolia-dakomed-d-800px.png\",\"width\":800,\"height\":499,\"caption\":\"Millefolia \u2013 Le portail suisse d\u2019informations sur la m\u00e9decine compl\u00e9mentaire\"},\"image\":{\"@id\":\"https:\\\/\\\/www.millefolia.ch\\\/fr\\\/#\\\/schema\\\/logo\\\/image\\\/\"},\"sameAs\":[\"https:\\\/\\\/www.facebook.com\\\/dakomed\"],\"email\":\"redaktion@millefolia.ch\",\"telephone\":\"+41 31 560 00 24\",\"legalName\":\"Dachverband Komplement\u00e4rmedizin\",\"numberOfEmployees\":{\"@type\":\"QuantitativeValue\",\"minValue\":\"1\",\"maxValue\":\"10\"}},{\"@type\":\"Person\",\"@id\":\"https:\\\/\\\/www.millefolia.ch\\\/fr\\\/#\\\/schema\\\/person\\\/bb3b2f62c2882375d234527ca17c9014\",\"name\":\"Redaktion Millefolia\"}]}<\/script>\n<!-- \/ Yoast SEO Premium plugin. -->","yoast_head_json":{"title":"Mon enfant a de la fi\u00e8vre: Que dois-je faire? | Millefolia \u2013 Infoportal f\u00fcr Komplement\u00e4rmedizin","description":"Faire baisser la fi\u00e8vre ne doit plus \u00eatre l\u2019objectif vis\u00e9. La fi\u00e8vre indique que le syst\u00e8me immunitaire de l\u2019enfant se mobilise pour lutter contre une infection.","robots":{"index":"index","follow":"follow","max-snippet":"max-snippet:-1","max-image-preview":"max-image-preview:large","max-video-preview":"max-video-preview:-1"},"canonical":"https:\/\/www.millefolia.ch\/fr\/enfant-avec-fievre\/","og_locale":"fr_FR","og_type":"article","og_title":"Mon enfant a de la fi\u00e8vre: Que dois-je faire?","og_description":"Faire baisser la fi\u00e8vre ne doit plus \u00eatre l\u2019objectif vis\u00e9. La fi\u00e8vre indique que le syst\u00e8me immunitaire de l\u2019enfant se mobilise pour lutter contre une infection.","og_url":"https:\/\/www.millefolia.ch\/fr\/enfant-avec-fievre\/","og_site_name":"Millefolia \u2013 Infoportal f\u00fcr Komplement\u00e4rmedizin","article_publisher":"https:\/\/www.facebook.com\/dakomed","article_published_time":"2021-08-17T14:00:23+00:00","article_modified_time":"2021-08-17T14:01:32+00:00","og_image":[{"width":1920,"height":1277,"url":"https:\/\/www.millefolia.ch\/wp-content\/uploads\/2021\/08\/Mon-enfant-a-de-la-fievre.jpg","type":"image\/jpeg"}],"author":"Redaktion Millefolia","schema":{"@context":"https:\/\/schema.org","@graph":[{"@type":"Article","@id":"https:\/\/www.millefolia.ch\/fr\/enfant-avec-fievre\/#article","isPartOf":{"@id":"https:\/\/www.millefolia.ch\/fr\/enfant-avec-fievre\/"},"author":{"name":"Redaktion Millefolia","@id":"https:\/\/www.millefolia.ch\/fr\/#\/schema\/person\/bb3b2f62c2882375d234527ca17c9014"},"headline":"Mon enfant a de la fi\u00e8vre: Que dois-je faire?","datePublished":"2021-08-17T14:00:23+00:00","dateModified":"2021-08-17T14:01:32+00:00","mainEntityOfPage":{"@id":"https:\/\/www.millefolia.ch\/fr\/enfant-avec-fievre\/"},"wordCount":748,"commentCount":0,"publisher":{"@id":"https:\/\/www.millefolia.ch\/fr\/#organization"},"image":{"@id":"https:\/\/www.millefolia.ch\/fr\/enfant-avec-fievre\/#primaryimage"},"thumbnailUrl":"https:\/\/www.millefolia.ch\/wp-content\/uploads\/2021\/08\/Mon-enfant-a-de-la-fievre.jpg","articleSection":["Trucs et conseils"],"inLanguage":"fr-FR","potentialAction":[{"@type":"CommentAction","name":"Comment","target":["https:\/\/www.millefolia.ch\/fr\/enfant-avec-fievre\/#respond"]}],"hasPart":[{"@type":"SiteNavigationElement","name":"Table of Contents","url":"https:\/\/www.millefolia.ch\/fr\/enfant-avec-fievre\/#ez-toc","position":1,"hasPart":[{"@type":"SiteNavigationElement","name":"La fi\u00e8vre, un m\u00e9canisme d\u2019alerte","url":"https:\/\/www.millefolia.ch\/fr\/enfant-avec-fievre\/#la-fievre-un-mecanisme-dalerte","position":2},{"@type":"SiteNavigationElement","name":"Les animaux ont aussi la fi\u00e8vre","url":"https:\/\/www.millefolia.ch\/fr\/enfant-avec-fievre\/#les-animaux-ont-aussi-la-fievre","position":3},{"@type":"SiteNavigationElement","name":"Existe-t-il une temp\u00e9rature maximale\u00a0?","url":"https:\/\/www.millefolia.ch\/fr\/enfant-avec-fievre\/#existe-t-il-une-temperature-maximale","position":4},{"@type":"SiteNavigationElement","name":"La priorit\u00e9\u00a0: calmer les parents","url":"https:\/\/www.millefolia.ch\/fr\/enfant-avec-fievre\/#la-priorite-calmer-les-parents","position":5},{"@type":"SiteNavigationElement","name":"Am\u00e9liorer les comp\u00e9tences des p\u00e9diatres et des parents","url":"https:\/\/www.millefolia.ch\/fr\/enfant-avec-fievre\/#ameliorer-les-competences-des-pediatres-et-des-parents","position":6},{"@type":"SiteNavigationElement","name":"Les messages cl\u00e9s","url":"https:\/\/www.millefolia.ch\/fr\/enfant-avec-fievre\/#les-messages-cles","position":7},{"@type":"SiteNavigationElement","name":"Changer d\u2019attitude en faveur d\u2019une approche int\u00e9grative","url":"https:\/\/www.millefolia.ch\/fr\/enfant-avec-fievre\/#changer-dattitude-en-faveur-dune-approche-integrative","position":8},{"@type":"SiteNavigationElement","name":"Les solutions naturelles","url":"https:\/\/www.millefolia.ch\/fr\/enfant-avec-fievre\/#les-solutions-naturelles","position":9}]}]},{"@type":"WebPage","@id":"https:\/\/www.millefolia.ch\/fr\/enfant-avec-fievre\/","url":"https:\/\/www.millefolia.ch\/fr\/enfant-avec-fievre\/","name":"Mon enfant a de la fi\u00e8vre: Que dois-je faire? | Millefolia \u2013 Infoportal f\u00fcr Komplement\u00e4rmedizin","isPartOf":{"@id":"https:\/\/www.millefolia.ch\/fr\/#website"},"primaryImageOfPage":{"@id":"https:\/\/www.millefolia.ch\/fr\/enfant-avec-fievre\/#primaryimage"},"image":{"@id":"https:\/\/www.millefolia.ch\/fr\/enfant-avec-fievre\/#primaryimage"},"thumbnailUrl":"https:\/\/www.millefolia.ch\/wp-content\/uploads\/2021\/08\/Mon-enfant-a-de-la-fievre.jpg","datePublished":"2021-08-17T14:00:23+00:00","dateModified":"2021-08-17T14:01:32+00:00","description":"Faire baisser la fi\u00e8vre ne doit plus \u00eatre l\u2019objectif vis\u00e9. La fi\u00e8vre indique que le syst\u00e8me immunitaire de l\u2019enfant se mobilise pour lutter contre une infection.","breadcrumb":{"@id":"https:\/\/www.millefolia.ch\/fr\/enfant-avec-fievre\/#breadcrumb"},"inLanguage":"fr-FR","potentialAction":[{"@type":"ReadAction","target":["https:\/\/www.millefolia.ch\/fr\/enfant-avec-fievre\/"]}]},{"@type":"ImageObject","inLanguage":"fr-FR","@id":"https:\/\/www.millefolia.ch\/fr\/enfant-avec-fievre\/#primaryimage","url":"https:\/\/www.millefolia.ch\/wp-content\/uploads\/2021\/08\/Mon-enfant-a-de-la-fievre.jpg","contentUrl":"https:\/\/www.millefolia.ch\/wp-content\/uploads\/2021\/08\/Mon-enfant-a-de-la-fievre.jpg","width":1920,"height":1277},{"@type":"BreadcrumbList","@id":"https:\/\/www.millefolia.ch\/fr\/enfant-avec-fievre\/#breadcrumb","itemListElement":[{"@type":"ListItem","position":1,"name":"Start","item":"https:\/\/www.millefolia.ch\/fr\/"},{"@type":"ListItem","position":2,"name":"Mon enfant a de la fi\u00e8vre: Que dois-je faire?"}]},{"@type":"WebSite","@id":"https:\/\/www.millefolia.ch\/fr\/#website","url":"https:\/\/www.millefolia.ch\/fr\/","name":"Millefolia","description":"Das Schweizer Infoportal f\u00fcr Komplement\u00e4rmedizin","publisher":{"@id":"https:\/\/www.millefolia.ch\/fr\/#organization"},"alternateName":"Das Schweizer Infoportal f\u00fcr Komplement\u00e4rmedizin","potentialAction":[{"@type":"SearchAction","target":{"@type":"EntryPoint","urlTemplate":"https:\/\/www.millefolia.ch\/fr\/?s={search_term_string}"},"query-input":{"@type":"PropertyValueSpecification","valueRequired":true,"valueName":"search_term_string"}}],"inLanguage":"fr-FR"},{"@type":"Organization","@id":"https:\/\/www.millefolia.ch\/fr\/#organization","name":"Millefolia \u2013 Le portail suisse d\u2019informations sur la m\u00e9decine compl\u00e9mentaire","alternateName":"Das Schweizer Infoportal f\u00fcr Komplement\u00e4rmedizin","url":"https:\/\/www.millefolia.ch\/fr\/","logo":{"@type":"ImageObject","inLanguage":"fr-FR","@id":"https:\/\/www.millefolia.ch\/fr\/#\/schema\/logo\/image\/","url":"https:\/\/www.millefolia.ch\/wp-content\/uploads\/2023\/06\/logo-millefolia-dakomed-d-800px.png","contentUrl":"https:\/\/www.millefolia.ch\/wp-content\/uploads\/2023\/06\/logo-millefolia-dakomed-d-800px.png","width":800,"height":499,"caption":"Millefolia \u2013 Le portail suisse d\u2019informations sur la m\u00e9decine compl\u00e9mentaire"},"image":{"@id":"https:\/\/www.millefolia.ch\/fr\/#\/schema\/logo\/image\/"},"sameAs":["https:\/\/www.facebook.com\/dakomed"],"email":"redaktion@millefolia.ch","telephone":"+41 31 560 00 24","legalName":"Dachverband Komplement\u00e4rmedizin","numberOfEmployees":{"@type":"QuantitativeValue","minValue":"1","maxValue":"10"}},{"@type":"Person","@id":"https:\/\/www.millefolia.ch\/fr\/#\/schema\/person\/bb3b2f62c2882375d234527ca17c9014","name":"Redaktion Millefolia"}]}},"_links":{"self":[{"href":"https:\/\/www.millefolia.ch\/fr\/wp-json\/wp\/v2\/posts\/6492","targetHints":{"allow":["GET"]}}],"collection":[{"href":"https:\/\/www.millefolia.ch\/fr\/wp-json\/wp\/v2\/posts"}],"about":[{"href":"https:\/\/www.millefolia.ch\/fr\/wp-json\/wp\/v2\/types\/post"}],"author":[{"embeddable":true,"href":"https:\/\/www.millefolia.ch\/fr\/wp-json\/wp\/v2\/users\/2"}],"replies":[{"embeddable":true,"href":"https:\/\/www.millefolia.ch\/fr\/wp-json\/wp\/v2\/comments?post=6492"}],"version-history":[{"count":0,"href":"https:\/\/www.millefolia.ch\/fr\/wp-json\/wp\/v2\/posts\/6492\/revisions"}],"wp:featuredmedia":[{"embeddable":true,"href":"https:\/\/www.millefolia.ch\/fr\/wp-json\/wp\/v2\/media\/6493"}],"wp:attachment":[{"href":"https:\/\/www.millefolia.ch\/fr\/wp-json\/wp\/v2\/media?parent=6492"}],"wp:term":[{"taxonomy":"category","embeddable":true,"href":"https:\/\/www.millefolia.ch\/fr\/wp-json\/wp\/v2\/categories?post=6492"},{"taxonomy":"post_tag","embeddable":true,"href":"https:\/\/www.millefolia.ch\/fr\/wp-json\/wp\/v2\/tags?post=6492"}],"curies":[{"name":"wp","href":"https:\/\/api.w.org\/{rel}","templated":true}]}}